{"id":11334,"date":"2024-06-27T18:00:00","date_gmt":"2024-06-27T16:00:00","guid":{"rendered":"https:\/\/talentimpulse.cea.fr\/?p=11334"},"modified":"2025-02-21T10:22:58","modified_gmt":"2025-02-21T09:22:58","slug":"discovery-day-2024","status":"publish","type":"post","link":"https:\/\/talentimpulse.cea.fr\/en\/discovery-day-2024\/","title":{"rendered":"Discovery Day: Schools and universities visit the CEA"},"content":{"rendered":"<div data-elementor-type=\"wp-post\" data-elementor-id=\"11334\" class=\"elementor elementor-11334\" data-elementor-post-type=\"post\">\n\t\t\t\t\t\t<section class=\"elementor-section elementor-top-section elementor-element elementor-element-ef91c1b elementor-section-boxed elementor-section-height-default elementor-section-height-default\" data-id=\"ef91c1b\" data-element_type=\"section\">\n\t\t\t\t\t\t<div class=\"elementor-container elementor-column-gap-default\">\n\t\t\t\t\t<div class=\"elementor-column elementor-col-66 elementor-top-column elementor-element elementor-element-7827041\" data-id=\"7827041\" data-element_type=\"column\">\n\t\t\t<div class=\"elementor-widget-wrap elementor-element-populated\">\n\t\t\t\t\t\t<div class=\"elementor-element elementor-element-3a82ad2 elementor-widget__width-initial elementor-widget elementor-widget-text-editor\" data-id=\"3a82ad2\" data-element_type=\"widget\" data-widget_type=\"text-editor.default\">\n\t\t\t\t<div class=\"elementor-widget-container\">\n\t\t\t\t\t\t\t\t\t<p class=\"translation-block\">Last Thursday, the Directorate of Technological Research (DRT) at <b><a href=\"https:\/\/www.cea.fr\/\" target=\"_blank\" rel=\"noopener\">CEA<\/a><\/b> had the pleasure of welcoming several school and university representatives for a day of discussions and discoveries. This event was an opportunity to showcase our activities, career prospects, and the opportunities available to students in internships, apprenticeships, and PhD programs.<\/p><p>Throughout the day, we highlighted our strategic research priorities, our culture of innovation and technology transfer, as well as the values that drive us.<\/p><p>Participants had the opportunity to engage with our ambassadors, explore demonstrators from our laboratories, and visit some of our cutting-edge facilities.<\/p>\t\t\t\t\t\t\t\t<\/div>\n\t\t\t\t<\/div>\n\t\t\t\t<div class=\"elementor-element elementor-element-2a95bab elementor-widget elementor-widget-text-editor\" data-id=\"2a95bab\" data-element_type=\"widget\" data-widget_type=\"text-editor.default\">\n\t\t\t\t<div class=\"elementor-widget-container\">\n\t\t\t\t\t\t\t\t\t<p class=\"translation-block\">We warmly thank all the schools and universities that participated in this enriching day: <a href=\"https:\/\/www.cpe.fr\/\" target=\"_blank\" rel=\"noopener\"><b>CPE Lyon<\/b><\/a>, <a href=\"https:\/\/www.espci.psl.eu\/fr\/\" target=\"_blank\" rel=\"noopener\"><b>ESPCI Paris \u2013 PSL<\/b><\/a>, <a href=\"https:\/\/ense3.grenoble-inp.fr\/\" target=\"_blank\" rel=\"noopener\"><b>Grenoble INP \u2013 Ense3<\/b><\/a>, <a href=\"https:\/\/www.univ-grenoble-alpes.fr\/\" target=\"_blank\" rel=\"noopener\"><b>Universit\u00e9 Grenoble Alpes<\/b><\/a>, <a href=\"https:\/\/iut1.univ-grenoble-alpes.fr\/iut1\/accueil-962584.kjsp\" target=\"_blank\" rel=\"noopener\"><b>IUT1 Grenoble<\/b><\/a>, <a href=\"https:\/\/ensimag.grenoble-inp.fr\/\" target=\"_blank\" rel=\"noopener\"><b>Grenoble INP \u2013 Ensimag<\/b><\/a>, <a href=\"https:\/\/www.polytechnique.edu\/\" target=\"_blank\" rel=\"noopener\"><b>\u00c9cole Polytechnique<\/b><\/a>, <a href=\"https:\/\/phelma.grenoble-inp.fr\/\" target=\"_blank\" rel=\"noopener\"><b>Grenoble INP \u2013 Phelma<\/b><\/a>, <a href=\"https:\/\/www.enscm.fr\/fr\/\" target=\"_blank\" rel=\"noopener\"><b>\u00c9cole Nationale Sup\u00e9rieure de Chimie de Montpellier<\/b><\/a>, <a href=\"https:\/\/www.chimieparistech.psl.eu\/\" target=\"_blank\" rel=\"noopener\"><b>Chimie ParisTech \u2013 PSL<\/b><\/a>, <a href=\"https:\/\/www.univ-lyon1.fr\/\" target=\"_blank\" rel=\"noopener\"><b>Universit\u00e9 Claude Bernard Lyon 1<\/b><\/a>, <a href=\"https:\/\/www.insa-lyon.fr\/\" target=\"_blank\" rel=\"noopener\"><b>INSA Lyon<\/b><\/a>, <a href=\"https:\/\/esisar.grenoble-inp.fr\/\" target=\"_blank\" rel=\"noopener\"><b>Grenoble INP \u2013 Esisar<\/b><\/a>, and <a href=\"https:\/\/www.imt-mines-ales.fr\/\" target=\"_blank\" rel=\"noopener\"><b>IMT Mines Al\u00e8s<\/b><\/a>.<\/p><p>This event marks the first step towards stronger collaborations with the academic world, aimed at training tomorrow's talents and developing future technologies.<\/p>\t\t\t\t\t\t\t\t<\/div>\n\t\t\t\t<\/div>\n\t\t\t\t\t<\/div>\n\t\t<\/div>\n\t\t\t\t<div class=\"elementor-column elementor-col-33 elementor-top-column elementor-element elementor-element-b033860\" data-id=\"b033860\" data-element_type=\"column\">\n\t\t\t<div class=\"elementor-widget-wrap elementor-element-populated\">\n\t\t\t\t\t\t<div class=\"elementor-element elementor-element-8deab94 elementor-widget elementor-widget-image\" data-id=\"8deab94\" data-element_type=\"widget\" data-widget_type=\"image.default\">\n\t\t\t\t<div class=\"elementor-widget-container\">\n\t\t\t\t\t\t\t\t\t\t\t\t\t\t\t<img fetchpriority=\"high\" decoding=\"async\" width=\"768\" height=\"1024\" src=\"https:\/\/talentimpulse.cea.fr\/wp-content\/uploads\/2024\/06\/20240627_131424-768x1024.jpg\" class=\"attachment-large size-large wp-image-11341\" alt=\"Visite de l&#039;exposition Leti Innovation Days 2024, \u00e0 la d\u00e9couverte des derni\u00e8res avanc\u00e9es technologiques\" srcset=\"https:\/\/talentimpulse.cea.fr\/wp-content\/uploads\/2024\/06\/20240627_131424-768x1024.jpg 768w, https:\/\/talentimpulse.cea.fr\/wp-content\/uploads\/2024\/06\/20240627_131424-225x300.jpg 225w, https:\/\/talentimpulse.cea.fr\/wp-content\/uploads\/2024\/06\/20240627_131424-1152x1536.jpg 1152w, https:\/\/talentimpulse.cea.fr\/wp-content\/uploads\/2024\/06\/20240627_131424-scaled.jpg 1536w, https:\/\/talentimpulse.cea.fr\/wp-content\/uploads\/2024\/06\/20240627_131424-9x12.jpg 9w\" sizes=\"(max-width: 768px) 100vw, 768px\" \/>\t\t\t\t\t\t\t\t\t\t\t\t\t\t\t<\/div>\n\t\t\t\t<\/div>\n\t\t\t\t\t<\/div>\n\t\t<\/div>\n\t\t\t\t\t<\/div>\n\t\t<\/section>\n\t\t\t\t<section class=\"elementor-section elementor-top-section elementor-element elementor-element-d899b48 elementor-section-boxed elementor-section-height-default elementor-section-height-default\" data-id=\"d899b48\" data-element_type=\"section\">\n\t\t\t\t\t\t<div class=\"elementor-container elementor-column-gap-default\">\n\t\t\t\t\t<div class=\"elementor-column elementor-col-100 elementor-top-column elementor-element elementor-element-f1a5a64\" data-id=\"f1a5a64\" data-element_type=\"column\">\n\t\t\t<div class=\"elementor-widget-wrap elementor-element-populated\">\n\t\t\t\t\t\t<div class=\"elementor-element elementor-element-d3419c9 elementor-widget-divider--view-line elementor-widget elementor-widget-divider\" data-id=\"d3419c9\" data-element_type=\"widget\" data-widget_type=\"divider.default\">\n\t\t\t\t<div class=\"elementor-widget-container\">\n\t\t\t\t\t\t\t<div class=\"elementor-divider\">\n\t\t\t<span class=\"elementor-divider-separator\">\n\t\t\t\t\t\t<\/span>\n\t\t<\/div>\n\t\t\t\t\t\t<\/div>\n\t\t\t\t<\/div>\n\t\t\t\t<div class=\"elementor-element elementor-element-72beac0 elementor-widget elementor-widget-heading\" data-id=\"72beac0\" data-element_type=\"widget\" data-widget_type=\"heading.default\">\n\t\t\t\t<div class=\"elementor-widget-container\">\n\t\t\t\t\t<h3 class=\"elementor-heading-title elementor-size-default\">Latest news<\/h3>\t\t\t\t<\/div>\n\t\t\t\t<\/div>\n\t\t\t\t<div class=\"elementor-element elementor-element-9ee487d elementor-grid-3 elementor-grid-tablet-2 elementor-grid-mobile-1 elementor-posts--thumbnail-top elementor-widget elementor-widget-posts\" data-id=\"9ee487d\" data-element_type=\"widget\" data-settings=\"{&quot;classic_columns&quot;:&quot;3&quot;,&quot;classic_columns_tablet&quot;:&quot;2&quot;,&quot;classic_columns_mobile&quot;:&quot;1&quot;,&quot;classic_row_gap&quot;:{&quot;unit&quot;:&quot;px&quot;,&quot;size&quot;:35,&quot;sizes&quot;:[]},&quot;classic_row_gap_tablet&quot;:{&quot;unit&quot;:&quot;px&quot;,&quot;size&quot;:&quot;&quot;,&quot;sizes&quot;:[]},&quot;classic_row_gap_mobile&quot;:{&quot;unit&quot;:&quot;px&quot;,&quot;size&quot;:&quot;&quot;,&quot;sizes&quot;:[]}}\" data-widget_type=\"posts.classic\">\n\t\t\t\t<div class=\"elementor-widget-container\">\n\t\t\t\t\t\t\t<div class=\"elementor-posts-container elementor-posts elementor-posts--skin-classic elementor-grid\" role=\"list\">\n\t\t\t\t<article class=\"elementor-post elementor-grid-item post-12143 post type-post status-publish format-standard has-post-thumbnail hentry category-evenement\" role=\"listitem\">\n\t\t\t\t<a class=\"elementor-post__thumbnail__link\" href=\"https:\/\/talentimpulse.cea.fr\/en\/cea-x-wttj-decouvrez-les-metiers-qui-font-avancer-linnovation\/\" tabindex=\"-1\" target=\"&quot;_blank&quot;\">\n\t\t\t<div class=\"elementor-post__thumbnail\"><img decoding=\"async\" width=\"300\" height=\"169\" src=\"https:\/\/talentimpulse.cea.fr\/wp-content\/uploads\/2025\/12\/Vignette-News-2025-300x169.png\" class=\"attachment-medium size-medium wp-image-12155\" alt=\"\" srcset=\"https:\/\/talentimpulse.cea.fr\/wp-content\/uploads\/2025\/12\/Vignette-News-2025-300x169.png 300w, https:\/\/talentimpulse.cea.fr\/wp-content\/uploads\/2025\/12\/Vignette-News-2025-1024x576.png 1024w, https:\/\/talentimpulse.cea.fr\/wp-content\/uploads\/2025\/12\/Vignette-News-2025-768x432.png 768w, https:\/\/talentimpulse.cea.fr\/wp-content\/uploads\/2025\/12\/Vignette-News-2025-18x10.png 18w, https:\/\/talentimpulse.cea.fr\/wp-content\/uploads\/2025\/12\/Vignette-News-2025.png 1280w\" sizes=\"(max-width: 300px) 100vw, 300px\" \/><\/div>\n\t\t<\/a>\n\t\t\t\t<div class=\"elementor-post__text\">\n\t\t\t\t<h3 class=\"elementor-post__title\">\n\t\t\t<a href=\"https:\/\/talentimpulse.cea.fr\/en\/cea-x-wttj-decouvrez-les-metiers-qui-font-avancer-linnovation\/\" target=\"&quot;_blank&quot;\">\n\t\t\t\tCEA x WTTJ: Discover the professions driving innovation forward\t\t\t<\/a>\n\t\t<\/h3>\n\t\t\t\t<div class=\"elementor-post__meta-data\">\n\t\t\t\t\t<span class=\"elementor-post-date\">\n\t\t\t2 December 2025\t\t<\/span>\n\t\t\t\t<\/div>\n\t\t\t\t<div class=\"elementor-post__excerpt\">\n\t\t\t<p>Au sein de la Recherche technologique du CEA, nous accompagnons les entreprises en tant que partenaire strat\u00e9gique de leur innovation. [&#8230;]<\/p>\n\t\t<\/div>\n\t\t\n\t\t<a class=\"elementor-post__read-more\" href=\"https:\/\/talentimpulse.cea.fr\/en\/cea-x-wttj-decouvrez-les-metiers-qui-font-avancer-linnovation\/\" aria-label=\"Read more about CEA x WTTJ\u00a0: d\u00e9couvrez les m\u00e9tiers qui font avancer l\u2019innovation\" tabindex=\"-1\" target=\"_blank\">\n\t\t\tRead more\t\t<\/a>\n\n\t\t\t\t<\/div>\n\t\t\t\t<\/article>\n\t\t\t\t<article class=\"elementor-post elementor-grid-item post-12019 post type-post status-publish format-standard has-post-thumbnail hentry category-evenement\" role=\"listitem\">\n\t\t\t\t<a class=\"elementor-post__thumbnail__link\" href=\"https:\/\/talentimpulse.cea.fr\/en\/le-cea-integre-la-plateforme-savoirs-de-radio-france-avec-une-serie-de-podcasts-dediee-aux-femmes-scientifiques\/\" tabindex=\"-1\" target=\"&quot;_blank&quot;\">\n\t\t\t<div class=\"elementor-post__thumbnail\"><img decoding=\"async\" width=\"300\" height=\"169\" src=\"https:\/\/talentimpulse.cea.fr\/wp-content\/uploads\/2025\/10\/Vignette-News-20256-Cerise_dans_le_labor-FR-300x169.png\" class=\"attachment-medium size-medium wp-image-12020\" alt=\"\" srcset=\"https:\/\/talentimpulse.cea.fr\/wp-content\/uploads\/2025\/10\/Vignette-News-20256-Cerise_dans_le_labor-FR-300x169.png 300w, https:\/\/talentimpulse.cea.fr\/wp-content\/uploads\/2025\/10\/Vignette-News-20256-Cerise_dans_le_labor-FR-1024x576.png 1024w, https:\/\/talentimpulse.cea.fr\/wp-content\/uploads\/2025\/10\/Vignette-News-20256-Cerise_dans_le_labor-FR-768x432.png 768w, https:\/\/talentimpulse.cea.fr\/wp-content\/uploads\/2025\/10\/Vignette-News-20256-Cerise_dans_le_labor-FR-18x10.png 18w, https:\/\/talentimpulse.cea.fr\/wp-content\/uploads\/2025\/10\/Vignette-News-20256-Cerise_dans_le_labor-FR.png 1280w\" sizes=\"(max-width: 300px) 100vw, 300px\" \/><\/div>\n\t\t<\/a>\n\t\t\t\t<div class=\"elementor-post__text\">\n\t\t\t\t<h3 class=\"elementor-post__title\">\n\t\t\t<a href=\"https:\/\/talentimpulse.cea.fr\/en\/le-cea-integre-la-plateforme-savoirs-de-radio-france-avec-une-serie-de-podcasts-dediee-aux-femmes-scientifiques\/\" target=\"&quot;_blank&quot;\">\n\t\t\t\tThe CEA joins Radio France\u2019s Savoirs+ platform with a podcast series dedicated to women in science\t\t\t<\/a>\n\t\t<\/h3>\n\t\t\t\t<div class=\"elementor-post__meta-data\">\n\t\t\t\t\t<span class=\"elementor-post-date\">\n\t\t\t14 October 2025\t\t<\/span>\n\t\t\t\t<\/div>\n\t\t\t\t<div class=\"elementor-post__excerpt\">\n\t\t\t<p>Donner voix \u00e0 celles qui font la science \u00c0 rebours des formats acad\u00e9miques, Voix de chercheuses met en avant la [&#8230;]<\/p>\n\t\t<\/div>\n\t\t\n\t\t<a class=\"elementor-post__read-more\" href=\"https:\/\/talentimpulse.cea.fr\/en\/le-cea-integre-la-plateforme-savoirs-de-radio-france-avec-une-serie-de-podcasts-dediee-aux-femmes-scientifiques\/\" aria-label=\"Read more about Le CEA int\u00e8gre la plateforme Savoirs+ de Radio France avec une s\u00e9rie de podcasts d\u00e9di\u00e9e aux femmes scientifiques\" tabindex=\"-1\" target=\"_blank\">\n\t\t\tRead more\t\t<\/a>\n\n\t\t\t\t<\/div>\n\t\t\t\t<\/article>\n\t\t\t\t<article class=\"elementor-post elementor-grid-item post-11957 post type-post status-publish format-standard has-post-thumbnail hentry category-evenement\" role=\"listitem\">\n\t\t\t\t<a class=\"elementor-post__thumbnail__link\" href=\"https:\/\/talentimpulse.cea.fr\/en\/des-octobre-le-cea-part-a-la-rencontre-de-ses-futurs-talents\/\" tabindex=\"-1\" target=\"&quot;_blank&quot;\">\n\t\t\t<div class=\"elementor-post__thumbnail\"><img loading=\"lazy\" decoding=\"async\" width=\"300\" height=\"169\" src=\"https:\/\/talentimpulse.cea.fr\/wp-content\/uploads\/2025\/09\/Vignette-News-2025-300x169.jpg\" class=\"attachment-medium size-medium wp-image-11972\" alt=\"\" srcset=\"https:\/\/talentimpulse.cea.fr\/wp-content\/uploads\/2025\/09\/Vignette-News-2025-300x169.jpg 300w, https:\/\/talentimpulse.cea.fr\/wp-content\/uploads\/2025\/09\/Vignette-News-2025-1024x576.jpg 1024w, https:\/\/talentimpulse.cea.fr\/wp-content\/uploads\/2025\/09\/Vignette-News-2025-768x432.jpg 768w, https:\/\/talentimpulse.cea.fr\/wp-content\/uploads\/2025\/09\/Vignette-News-2025-18x10.jpg 18w, https:\/\/talentimpulse.cea.fr\/wp-content\/uploads\/2025\/09\/Vignette-News-2025.jpg 1280w\" sizes=\"(max-width: 300px) 100vw, 300px\" \/><\/div>\n\t\t<\/a>\n\t\t\t\t<div class=\"elementor-post__text\">\n\t\t\t\t<h3 class=\"elementor-post__title\">\n\t\t\t<a href=\"https:\/\/talentimpulse.cea.fr\/en\/des-octobre-le-cea-part-a-la-rencontre-de-ses-futurs-talents\/\" target=\"&quot;_blank&quot;\">\n\t\t\t\tThis October, CEA embarks on the search for tomorrow\u2019s talents!\t\t\t<\/a>\n\t\t<\/h3>\n\t\t\t\t<div class=\"elementor-post__meta-data\">\n\t\t\t\t\t<span class=\"elementor-post-date\">\n\t\t\t30 September 2025\t\t<\/span>\n\t\t\t\t<\/div>\n\t\t\t\t<div class=\"elementor-post__excerpt\">\n\t\t\t<p>Les \u00e9quipes de la Direction de la Recherche Technologique du CEA seront pr\u00e9sentes sur plusieurs forums tout au long du [&#8230;]<\/p>\n\t\t<\/div>\n\t\t\n\t\t<a class=\"elementor-post__read-more\" href=\"https:\/\/talentimpulse.cea.fr\/en\/des-octobre-le-cea-part-a-la-rencontre-de-ses-futurs-talents\/\" aria-label=\"Read more about D\u00e8s octobre, le CEA part \u00e0 la rencontre de ses futurs talents\u00a0!\" tabindex=\"-1\" target=\"_blank\">\n\t\t\tRead more\t\t<\/a>\n\n\t\t\t\t<\/div>\n\t\t\t\t<\/article>\n\t\t\t\t<\/div>\n\t\t\n\t\t\t\t\t\t<\/div>\n\t\t\t\t<\/div>\n\t\t\t\t<div class=\"elementor-element elementor-element-7e9353a elementor-widget elementor-widget-text-editor\" data-id=\"7e9353a\" data-element_type=\"widget\" data-widget_type=\"text-editor.default\">\n\t\t\t\t<div class=\"elementor-widget-container\">\n\t\t\t\t\t\t\t\t\t<p><a href=\"\/en\/actualites\/\"> All news <\/a><\/p>\t\t\t\t\t\t\t\t<\/div>\n\t\t\t\t<\/div>\n\t\t\t\t\t<\/div>\n\t\t<\/div>\n\t\t\t\t\t<\/div>\n\t\t<\/section>\n\t\t\t\t<\/div>","protected":false},"excerpt":{"rendered":"<p>Jeudi dernier, la Direction de la Recherche Technologique (DRT) du\u00a0CEA\u00a0a eu le plaisir d&rsquo;accueillir plusieurs responsables d&rsquo;\u00e9coles et d&rsquo;universit\u00e9s pour une journ\u00e9e d&rsquo;\u00e9changes et de d\u00e9couvertes. Cet \u00e9v\u00e9nement a \u00e9t\u00e9 l&rsquo;occasion de pr\u00e9senter nos activit\u00e9s, nos perspectives d&#8217;embauche, ainsi que les opportunit\u00e9s offertes aux \u00e9tudiants en mati\u00e8re de stages, d&rsquo;alternances et de doctorats. Durant cette [&#8230;]<\/p>","protected":false},"author":5,"featured_media":11339,"comment_status":"closed","ping_status":"closed","sticky":false,"template":"elementor_theme","format":"standard","meta":{"_acf_changed":false,"footnotes":""},"categories":[215],"tags":[],"class_list":["post-11334","post","type-post","status-publish","format-standard","has-post-thumbnail","hentry","category-evenement"],"acf":[],"aioseo_notices":[],"_links":{"self":[{"href":"https:\/\/talentimpulse.cea.fr\/en\/wp-json\/wp\/v2\/posts\/11334","targetHints":{"allow":["GET"]}}],"collection":[{"href":"https:\/\/talentimpulse.cea.fr\/en\/wp-json\/wp\/v2\/posts"}],"about":[{"href":"https:\/\/talentimpulse.cea.fr\/en\/wp-json\/wp\/v2\/types\/post"}],"author":[{"embeddable":true,"href":"https:\/\/talentimpulse.cea.fr\/en\/wp-json\/wp\/v2\/users\/5"}],"replies":[{"embeddable":true,"href":"https:\/\/talentimpulse.cea.fr\/en\/wp-json\/wp\/v2\/comments?post=11334"}],"version-history":[{"count":5,"href":"https:\/\/talentimpulse.cea.fr\/en\/wp-json\/wp\/v2\/posts\/11334\/revisions"}],"predecessor-version":[{"id":11344,"href":"https:\/\/talentimpulse.cea.fr\/en\/wp-json\/wp\/v2\/posts\/11334\/revisions\/11344"}],"wp:featuredmedia":[{"embeddable":true,"href":"https:\/\/talentimpulse.cea.fr\/en\/wp-json\/wp\/v2\/media\/11339"}],"wp:attachment":[{"href":"https:\/\/talentimpulse.cea.fr\/en\/wp-json\/wp\/v2\/media?parent=11334"}],"wp:term":[{"taxonomy":"category","embeddable":true,"href":"https:\/\/talentimpulse.cea.fr\/en\/wp-json\/wp\/v2\/categories?post=11334"},{"taxonomy":"post_tag","embeddable":true,"href":"https:\/\/talentimpulse.cea.fr\/en\/wp-json\/wp\/v2\/tags?post=11334"}],"curies":[{"name":"wp","href":"https:\/\/api.w.org\/{rel}","templated":true}]}}