{"id":4695,"date":"2023-09-11T14:36:00","date_gmt":"2023-09-11T12:36:00","guid":{"rendered":"\/?p=4695"},"modified":"2023-10-13T11:10:25","modified_gmt":"2023-10-13T09:10:25","slug":"evenement-cea-x-forum-2023","status":"publish","type":"post","link":"https:\/\/talentimpulse.cea.fr\/en\/evenement-cea-x-forum-2023\/","title":{"rendered":"CEA at X-Forum 2023: Discover innovation and career opportunities!"},"content":{"rendered":"<div data-elementor-type=\"wp-post\" data-elementor-id=\"4695\" class=\"elementor elementor-4695\" data-elementor-post-type=\"post\">\n\t\t\t\t\t\t<section class=\"elementor-section elementor-top-section elementor-element elementor-element-208b262c elementor-section-boxed elementor-section-height-default elementor-section-height-default\" data-id=\"208b262c\" data-element_type=\"section\">\n\t\t\t\t\t\t<div class=\"elementor-container elementor-column-gap-default\">\n\t\t\t\t\t<div class=\"elementor-column elementor-col-100 elementor-top-column elementor-element elementor-element-43d05551\" data-id=\"43d05551\" data-element_type=\"column\">\n\t\t\t<div class=\"elementor-widget-wrap elementor-element-populated\">\n\t\t\t\t\t\t<div class=\"elementor-element elementor-element-755a3eca elementor-widget elementor-widget-text-editor\" data-id=\"755a3eca\" data-element_type=\"widget\" data-widget_type=\"text-editor.default\">\n\t\t\t\t<div class=\"elementor-widget-container\">\n\t\t\t\t\t\t\t\t\t<p><\/p>\n<p><strong>CEA at X-Forum 2023: Discover innovation and career opportunities!<\/strong><\/p>\n<p>CEA will be taking part in the 2023 edition of X-Forum, organized by the X-Entreprises association at the \u00c9cole polytechnique.<\/p>\n<p><strong>X-Forum at a glance :<\/strong><\/p>\n<p>X-Forum is a major event at \u00c9cole polytechnique, attracting almost 2,000 visitors every year. The event brings together engineering students, masters and doctoral students from \u00c9cole polytechnique and other grandes \u00e9coles. X-Forum offers a unique opportunity for students to meet 160 companies from various sectors, international university partners and application schools. It's the largest professional event on the Saclay plateau, open to all.<\/p>\n<p><strong>X-Forum objectives :<\/strong><\/p>\n<p>X-Forum aims to bring students closer to the professional world by enabling them to :<\/p>\n<ul>\n<li>Assess the relevance of their training to their future careers.<\/li>\n<li>Facilitate the search for internships, funding and hiring opportunities.<\/li>\n<\/ul>\n<p><strong>\u00a0<\/strong><\/p>\n<p><strong>CEA at X-Forum 2023 :<\/strong><\/p>\n<p>CEA is delighted to be taking part in this prestigious event. Our presence at X-Forum 2023 demonstrates our commitment to innovation, research and development, as well as our willingness to collaborate with the talents of tomorrow. We invite you to come and meet our team at the CEA stand.<\/p>\n<p><strong>Date and place :<\/strong><\/p>\n<ul>\n<li><strong>Date:<\/strong> October 2 and 3<\/li>\n<li><strong>Place:<\/strong> \u00c9cole polytechnique, Plateau de Saclay<\/li>\n<\/ul>\n<p>&nbsp;<\/p>\n<p>Don't miss this opportunity to talk to our experts, explore our exciting projects and discover career opportunities at CEA.<\/p>\n<p><em>Find out more about X-Forum 2023, <a href=\"https:\/\/fr.xentreprises.com\/\"> visit the official event website<\/a><\/p>\t\t\t\t\t\t\t\t<\/div>\n\t\t\t\t<\/div>\n\t\t\t\t\t<\/div>\n\t\t<\/div>\n\t\t\t\t\t<\/div>\n\t\t<\/section>\n\t\t\t\t<section class=\"elementor-section elementor-top-section elementor-element elementor-element-d899b48 elementor-section-boxed elementor-section-height-default elementor-section-height-default\" data-id=\"d899b48\" data-element_type=\"section\">\n\t\t\t\t\t\t<div class=\"elementor-container elementor-column-gap-default\">\n\t\t\t\t\t<div class=\"elementor-column elementor-col-100 elementor-top-column elementor-element elementor-element-f1a5a64\" data-id=\"f1a5a64\" data-element_type=\"column\">\n\t\t\t<div class=\"elementor-widget-wrap elementor-element-populated\">\n\t\t\t\t\t\t<div class=\"elementor-element elementor-element-d3419c9 elementor-widget-divider--view-line elementor-widget elementor-widget-divider\" data-id=\"d3419c9\" data-element_type=\"widget\" data-widget_type=\"divider.default\">\n\t\t\t\t<div class=\"elementor-widget-container\">\n\t\t\t\t\t\t\t<div class=\"elementor-divider\">\n\t\t\t<span class=\"elementor-divider-separator\">\n\t\t\t\t\t\t<\/span>\n\t\t<\/div>\n\t\t\t\t\t\t<\/div>\n\t\t\t\t<\/div>\n\t\t\t\t<div class=\"elementor-element elementor-element-72beac0 elementor-widget elementor-widget-heading\" data-id=\"72beac0\" data-element_type=\"widget\" data-widget_type=\"heading.default\">\n\t\t\t\t<div class=\"elementor-widget-container\">\n\t\t\t\t\t<h3 class=\"elementor-heading-title elementor-size-default\">Latest news<\/h3>\t\t\t\t<\/div>\n\t\t\t\t<\/div>\n\t\t\t\t<div class=\"elementor-element elementor-element-9ee487d elementor-grid-3 elementor-grid-tablet-2 elementor-grid-mobile-1 elementor-posts--thumbnail-top elementor-widget elementor-widget-posts\" data-id=\"9ee487d\" data-element_type=\"widget\" data-settings=\"{&quot;classic_columns&quot;:&quot;3&quot;,&quot;classic_columns_tablet&quot;:&quot;2&quot;,&quot;classic_columns_mobile&quot;:&quot;1&quot;,&quot;classic_row_gap&quot;:{&quot;unit&quot;:&quot;px&quot;,&quot;size&quot;:35,&quot;sizes&quot;:[]},&quot;classic_row_gap_tablet&quot;:{&quot;unit&quot;:&quot;px&quot;,&quot;size&quot;:&quot;&quot;,&quot;sizes&quot;:[]},&quot;classic_row_gap_mobile&quot;:{&quot;unit&quot;:&quot;px&quot;,&quot;size&quot;:&quot;&quot;,&quot;sizes&quot;:[]}}\" data-widget_type=\"posts.classic\">\n\t\t\t\t<div class=\"elementor-widget-container\">\n\t\t\t\t\t\t\t<div class=\"elementor-posts-container elementor-posts elementor-posts--skin-classic elementor-grid\" role=\"list\">\n\t\t\t\t<article class=\"elementor-post elementor-grid-item post-12143 post type-post status-publish format-standard has-post-thumbnail hentry category-evenement\" role=\"listitem\">\n\t\t\t\t<a class=\"elementor-post__thumbnail__link\" href=\"https:\/\/talentimpulse.cea.fr\/en\/cea-x-wttj-decouvrez-les-metiers-qui-font-avancer-linnovation\/\" tabindex=\"-1\" target=\"&quot;_blank&quot;\">\n\t\t\t<div class=\"elementor-post__thumbnail\"><img fetchpriority=\"high\" decoding=\"async\" width=\"300\" height=\"169\" src=\"https:\/\/talentimpulse.cea.fr\/wp-content\/uploads\/2025\/12\/Vignette-News-2025-300x169.png\" class=\"attachment-medium size-medium wp-image-12155\" alt=\"\" srcset=\"https:\/\/talentimpulse.cea.fr\/wp-content\/uploads\/2025\/12\/Vignette-News-2025-300x169.png 300w, https:\/\/talentimpulse.cea.fr\/wp-content\/uploads\/2025\/12\/Vignette-News-2025-1024x576.png 1024w, https:\/\/talentimpulse.cea.fr\/wp-content\/uploads\/2025\/12\/Vignette-News-2025-768x432.png 768w, https:\/\/talentimpulse.cea.fr\/wp-content\/uploads\/2025\/12\/Vignette-News-2025-18x10.png 18w, https:\/\/talentimpulse.cea.fr\/wp-content\/uploads\/2025\/12\/Vignette-News-2025.png 1280w\" sizes=\"(max-width: 300px) 100vw, 300px\" \/><\/div>\n\t\t<\/a>\n\t\t\t\t<div class=\"elementor-post__text\">\n\t\t\t\t<h3 class=\"elementor-post__title\">\n\t\t\t<a href=\"https:\/\/talentimpulse.cea.fr\/en\/cea-x-wttj-decouvrez-les-metiers-qui-font-avancer-linnovation\/\" target=\"&quot;_blank&quot;\">\n\t\t\t\tCEA x WTTJ: Discover the professions driving innovation forward\t\t\t<\/a>\n\t\t<\/h3>\n\t\t\t\t<div class=\"elementor-post__meta-data\">\n\t\t\t\t\t<span class=\"elementor-post-date\">\n\t\t\t2 December 2025\t\t<\/span>\n\t\t\t\t<\/div>\n\t\t\t\t<div class=\"elementor-post__excerpt\">\n\t\t\t<p>Au sein de la Recherche technologique du CEA, nous accompagnons les entreprises en tant que partenaire strat\u00e9gique de leur innovation. [&#8230;]<\/p>\n\t\t<\/div>\n\t\t\n\t\t<a class=\"elementor-post__read-more\" href=\"https:\/\/talentimpulse.cea.fr\/en\/cea-x-wttj-decouvrez-les-metiers-qui-font-avancer-linnovation\/\" aria-label=\"Read more about CEA x WTTJ\u00a0: d\u00e9couvrez les m\u00e9tiers qui font avancer l\u2019innovation\" tabindex=\"-1\" target=\"_blank\">\n\t\t\tRead more\t\t<\/a>\n\n\t\t\t\t<\/div>\n\t\t\t\t<\/article>\n\t\t\t\t<article class=\"elementor-post elementor-grid-item post-12019 post type-post status-publish format-standard has-post-thumbnail hentry category-evenement\" role=\"listitem\">\n\t\t\t\t<a class=\"elementor-post__thumbnail__link\" href=\"https:\/\/talentimpulse.cea.fr\/en\/le-cea-integre-la-plateforme-savoirs-de-radio-france-avec-une-serie-de-podcasts-dediee-aux-femmes-scientifiques\/\" tabindex=\"-1\" target=\"&quot;_blank&quot;\">\n\t\t\t<div class=\"elementor-post__thumbnail\"><img decoding=\"async\" width=\"300\" height=\"169\" src=\"https:\/\/talentimpulse.cea.fr\/wp-content\/uploads\/2025\/10\/Vignette-News-20256-Cerise_dans_le_labor-FR-300x169.png\" class=\"attachment-medium size-medium wp-image-12020\" alt=\"\" srcset=\"https:\/\/talentimpulse.cea.fr\/wp-content\/uploads\/2025\/10\/Vignette-News-20256-Cerise_dans_le_labor-FR-300x169.png 300w, https:\/\/talentimpulse.cea.fr\/wp-content\/uploads\/2025\/10\/Vignette-News-20256-Cerise_dans_le_labor-FR-1024x576.png 1024w, https:\/\/talentimpulse.cea.fr\/wp-content\/uploads\/2025\/10\/Vignette-News-20256-Cerise_dans_le_labor-FR-768x432.png 768w, https:\/\/talentimpulse.cea.fr\/wp-content\/uploads\/2025\/10\/Vignette-News-20256-Cerise_dans_le_labor-FR-18x10.png 18w, https:\/\/talentimpulse.cea.fr\/wp-content\/uploads\/2025\/10\/Vignette-News-20256-Cerise_dans_le_labor-FR.png 1280w\" sizes=\"(max-width: 300px) 100vw, 300px\" \/><\/div>\n\t\t<\/a>\n\t\t\t\t<div class=\"elementor-post__text\">\n\t\t\t\t<h3 class=\"elementor-post__title\">\n\t\t\t<a href=\"https:\/\/talentimpulse.cea.fr\/en\/le-cea-integre-la-plateforme-savoirs-de-radio-france-avec-une-serie-de-podcasts-dediee-aux-femmes-scientifiques\/\" target=\"&quot;_blank&quot;\">\n\t\t\t\tThe CEA joins Radio France\u2019s Savoirs+ platform with a podcast series dedicated to women in science\t\t\t<\/a>\n\t\t<\/h3>\n\t\t\t\t<div class=\"elementor-post__meta-data\">\n\t\t\t\t\t<span class=\"elementor-post-date\">\n\t\t\t14 October 2025\t\t<\/span>\n\t\t\t\t<\/div>\n\t\t\t\t<div class=\"elementor-post__excerpt\">\n\t\t\t<p>Donner voix \u00e0 celles qui font la science \u00c0 rebours des formats acad\u00e9miques, Voix de chercheuses met en avant la [&#8230;]<\/p>\n\t\t<\/div>\n\t\t\n\t\t<a class=\"elementor-post__read-more\" href=\"https:\/\/talentimpulse.cea.fr\/en\/le-cea-integre-la-plateforme-savoirs-de-radio-france-avec-une-serie-de-podcasts-dediee-aux-femmes-scientifiques\/\" aria-label=\"Read more about Le CEA int\u00e8gre la plateforme Savoirs+ de Radio France avec une s\u00e9rie de podcasts d\u00e9di\u00e9e aux femmes scientifiques\" tabindex=\"-1\" target=\"_blank\">\n\t\t\tRead more\t\t<\/a>\n\n\t\t\t\t<\/div>\n\t\t\t\t<\/article>\n\t\t\t\t<article class=\"elementor-post elementor-grid-item post-11957 post type-post status-publish format-standard has-post-thumbnail hentry category-evenement\" role=\"listitem\">\n\t\t\t\t<a class=\"elementor-post__thumbnail__link\" href=\"https:\/\/talentimpulse.cea.fr\/en\/des-octobre-le-cea-part-a-la-rencontre-de-ses-futurs-talents\/\" tabindex=\"-1\" target=\"&quot;_blank&quot;\">\n\t\t\t<div class=\"elementor-post__thumbnail\"><img decoding=\"async\" width=\"300\" height=\"169\" src=\"https:\/\/talentimpulse.cea.fr\/wp-content\/uploads\/2025\/09\/Vignette-News-2025-300x169.jpg\" class=\"attachment-medium size-medium wp-image-11972\" alt=\"\" srcset=\"https:\/\/talentimpulse.cea.fr\/wp-content\/uploads\/2025\/09\/Vignette-News-2025-300x169.jpg 300w, https:\/\/talentimpulse.cea.fr\/wp-content\/uploads\/2025\/09\/Vignette-News-2025-1024x576.jpg 1024w, https:\/\/talentimpulse.cea.fr\/wp-content\/uploads\/2025\/09\/Vignette-News-2025-768x432.jpg 768w, https:\/\/talentimpulse.cea.fr\/wp-content\/uploads\/2025\/09\/Vignette-News-2025-18x10.jpg 18w, https:\/\/talentimpulse.cea.fr\/wp-content\/uploads\/2025\/09\/Vignette-News-2025.jpg 1280w\" sizes=\"(max-width: 300px) 100vw, 300px\" \/><\/div>\n\t\t<\/a>\n\t\t\t\t<div class=\"elementor-post__text\">\n\t\t\t\t<h3 class=\"elementor-post__title\">\n\t\t\t<a href=\"https:\/\/talentimpulse.cea.fr\/en\/des-octobre-le-cea-part-a-la-rencontre-de-ses-futurs-talents\/\" target=\"&quot;_blank&quot;\">\n\t\t\t\tThis October, CEA embarks on the search for tomorrow\u2019s talents!\t\t\t<\/a>\n\t\t<\/h3>\n\t\t\t\t<div class=\"elementor-post__meta-data\">\n\t\t\t\t\t<span class=\"elementor-post-date\">\n\t\t\t30 September 2025\t\t<\/span>\n\t\t\t\t<\/div>\n\t\t\t\t<div class=\"elementor-post__excerpt\">\n\t\t\t<p>Les \u00e9quipes de la Direction de la Recherche Technologique du CEA seront pr\u00e9sentes sur plusieurs forums tout au long du [&#8230;]<\/p>\n\t\t<\/div>\n\t\t\n\t\t<a class=\"elementor-post__read-more\" href=\"https:\/\/talentimpulse.cea.fr\/en\/des-octobre-le-cea-part-a-la-rencontre-de-ses-futurs-talents\/\" aria-label=\"Read more about D\u00e8s octobre, le CEA part \u00e0 la rencontre de ses futurs talents\u00a0!\" tabindex=\"-1\" target=\"_blank\">\n\t\t\tRead more\t\t<\/a>\n\n\t\t\t\t<\/div>\n\t\t\t\t<\/article>\n\t\t\t\t<\/div>\n\t\t\n\t\t\t\t\t\t<\/div>\n\t\t\t\t<\/div>\n\t\t\t\t<div class=\"elementor-element elementor-element-7e9353a elementor-widget elementor-widget-text-editor\" data-id=\"7e9353a\" data-element_type=\"widget\" data-widget_type=\"text-editor.default\">\n\t\t\t\t<div class=\"elementor-widget-container\">\n\t\t\t\t\t\t\t\t\t<p><a href=\"\/en\/actualites\/\"> All news <\/a><\/p>\t\t\t\t\t\t\t\t<\/div>\n\t\t\t\t<\/div>\n\t\t\t\t\t<\/div>\n\t\t<\/div>\n\t\t\t\t\t<\/div>\n\t\t<\/section>\n\t\t\t\t<\/div>","protected":false},"excerpt":{"rendered":"<p>Le CEA au X-Forum 2023 : opportunit\u00e9s d&rsquo;innovation et de carri\u00e8re ! Le CEA participera \u00e0 l&rsquo;\u00e9dition 2023 du X-Forum, organis\u00e9 par l&rsquo;association X-Entreprises \u00e0 l&rsquo;\u00c9cole polytechnique. X-Forum en bref : Le X-Forum est un \u00e9v\u00e9nement majeur de l&rsquo;\u00c9cole polytechnique, attirant chaque ann\u00e9e pr\u00e8s de 2 000 visiteurs. Cette manifestation r\u00e9unit des \u00e9l\u00e8ves du Cycle [&#8230;]<\/p>","protected":false},"author":1,"featured_media":8446,"comment_status":"closed","ping_status":"open","sticky":false,"template":"elementor_theme","format":"standard","meta":{"_acf_changed":false,"footnotes":""},"categories":[215],"tags":[],"class_list":["post-4695","post","type-post","status-publish","format-standard","has-post-thumbnail","hentry","category-evenement"],"acf":[],"aioseo_notices":[],"_links":{"self":[{"href":"https:\/\/talentimpulse.cea.fr\/en\/wp-json\/wp\/v2\/posts\/4695","targetHints":{"allow":["GET"]}}],"collection":[{"href":"https:\/\/talentimpulse.cea.fr\/en\/wp-json\/wp\/v2\/posts"}],"about":[{"href":"https:\/\/talentimpulse.cea.fr\/en\/wp-json\/wp\/v2\/types\/post"}],"author":[{"embeddable":true,"href":"https:\/\/talentimpulse.cea.fr\/en\/wp-json\/wp\/v2\/users\/1"}],"replies":[{"embeddable":true,"href":"https:\/\/talentimpulse.cea.fr\/en\/wp-json\/wp\/v2\/comments?post=4695"}],"version-history":[{"count":19,"href":"https:\/\/talentimpulse.cea.fr\/en\/wp-json\/wp\/v2\/posts\/4695\/revisions"}],"predecessor-version":[{"id":9075,"href":"https:\/\/talentimpulse.cea.fr\/en\/wp-json\/wp\/v2\/posts\/4695\/revisions\/9075"}],"wp:featuredmedia":[{"embeddable":true,"href":"https:\/\/talentimpulse.cea.fr\/en\/wp-json\/wp\/v2\/media\/8446"}],"wp:attachment":[{"href":"https:\/\/talentimpulse.cea.fr\/en\/wp-json\/wp\/v2\/media?parent=4695"}],"wp:term":[{"taxonomy":"category","embeddable":true,"href":"https:\/\/talentimpulse.cea.fr\/en\/wp-json\/wp\/v2\/categories?post=4695"},{"taxonomy":"post_tag","embeddable":true,"href":"https:\/\/talentimpulse.cea.fr\/en\/wp-json\/wp\/v2\/tags?post=4695"}],"curies":[{"name":"wp","href":"https:\/\/api.w.org\/{rel}","templated":true}]}}